{"id":5785,"date":"2025-11-05T18:08:05","date_gmt":"2025-11-05T18:08:05","guid":{"rendered":"https:\/\/oneofus.eu\/?p=5785"},"modified":"2025-12-05T08:00:32","modified_gmt":"2025-12-05T08:00:32","slug":"the-only-fundamental-right-to-defend-is-the-right-to-life-paolo-inselvini","status":"publish","type":"post","link":"https:\/\/oneofus.eu\/sk\/the-only-fundamental-right-to-defend-is-the-right-to-life-paolo-inselvini\/","title":{"rendered":"\u201cThe only fundamental right to defend is the right to life\u201d, Paolo Inselvini"},"content":{"rendered":"<p>\u00a0Paolo Inselvini (FdI):<em> &#8220;European Parliament vote on abortion misleads women&#8221;<\/em><\/p>\n\n\n\n<p><em>\u201cToday I took part in the Committee on Women\u2019s Rights where, amid applause from the Left, a motion on &#8220;My Voice My Choice&#8221; was voted. This initiative effectively aims to impose abortion throughout the European Union, even though the matter is and must remain the exclusive competence of the Member States.\u201d<\/em> This was stated in a note by Fratelli d&#8217;Italia\u2013ECR MEP Paolo Inselvini.<\/p>\n\n\n\n<p><em>\u201cThis initiative is funded by the usual actors: Bill Gates, George Soros, International Planned Parenthood, and many others, including the Italian organisation Arcigay. A total of 60 million dollars, of which 10 million come directly from taxpayers\u2019 pockets\u2014namely from the EU, the UN, and several national governments. An initiative that deceives women, pushing them toward abortion instead of safeguarding the dignity and the right to life of the child they carry.<br>The first fundamental right to be protected, always, is and remains the right to life: that of the mother and that of the unborn child, both too often suffocated by the noise of ideology.<\/em><\/p>\n\n\n\n<p><em>It is striking that while this initiative advances, the previous petition &#8220;One of Us&#8221;, which collected over 600,000 more signatures to defend the dignity of the foetus, was ignored by the Commission in 2014. With &#8220;My Voice My Choice&#8221;, what no European or Italian law recognises would be treated as a \u2018right\u2019: abortion that is free and without limits.<br>The vote will reach the Plenary in a few months. We will continue to defend life, the mother, the child, and the future of Europe,\u201d<\/em> Inselvini concluded.<\/p>\n\n\n\n<p>Source : ANSA \u2013 BRUSSELS, Nov 5<\/p>","protected":false},"excerpt":{"rendered":"<p>\u00a0Paolo Inselvini (FdI): &#8220;European Parliament vote on abortion misleads women&#8221; \u201cToday I took part in the Committee on Women\u2019s Rights where, amid applause from the Left, a motion on &#8220;My Voice My Choice&#8221; was voted. This initiative effectively aims to impose abortion throughout the European Union, even though the matter is and must remain the [&hellip;]<\/p>","protected":false},"author":12,"featured_media":5798,"comment_status":"closed","ping_status":"closed","sticky":false,"template":"","format":"standard","meta":{"_acf_changed":false,"inline_featured_image":false,"footnotes":""},"categories":[81],"tags":[],"article-mis-en-avant":[24],"class_list":["post-5785","post","type-post","status-publish","format-standard","has-post-thumbnail","hentry","category-federation-updates","article-mis-en-avant-not-pinned"],"acf":[],"yoast_head":"<!-- This site is optimized with the Yoast SEO plugin v25.3 - https:\/\/yoast.com\/wordpress\/plugins\/seo\/ -->\n<title>\u201cThe only fundamental right to defend is the right to life\u201d, Paolo Inselvini - One of Us<\/title>\n<meta name=\"robots\" content=\"index, follow, max-snippet:-1, max-image-preview:large, max-video-preview:-1\" \/>\n<link rel=\"canonical\" href=\"https:\/\/oneofus.eu\/sk\/the-only-fundamental-right-to-defend-is-the-right-to-life-paolo-inselvini\/\" \/>\n<meta property=\"og:locale\" content=\"sk_SK\" \/>\n<meta property=\"og:type\" content=\"article\" \/>\n<meta property=\"og:title\" content=\"\u201cThe only fundamental right to defend is the right to life\u201d, Paolo Inselvini - One of Us\" \/>\n<meta property=\"og:description\" content=\"\u00a0Paolo Inselvini (FdI): &#8220;European Parliament vote on abortion misleads women&#8221; \u201cToday I took part in the Committee on Women\u2019s Rights where, amid applause from the Left, a motion on &#8220;My Voice My Choice&#8221; was voted. This initiative effectively aims to impose abortion throughout the European Union, even though the matter is and must remain the [&hellip;]\" \/>\n<meta property=\"og:url\" content=\"https:\/\/oneofus.eu\/sk\/the-only-fundamental-right-to-defend-is-the-right-to-life-paolo-inselvini\/\" \/>\n<meta property=\"og:site_name\" content=\"One of Us\" \/>\n<meta property=\"article:published_time\" content=\"2025-11-05T18:08:05+00:00\" \/>\n<meta property=\"article:modified_time\" content=\"2025-12-05T08:00:32+00:00\" \/>\n<meta property=\"og:image\" content=\"https:\/\/oneofus.eu\/wp-content\/uploads\/2025\/11\/Paolo.png\" \/>\n\t<meta property=\"og:image:width\" content=\"1253\" \/>\n\t<meta property=\"og:image:height\" content=\"640\" \/>\n\t<meta property=\"og:image:type\" content=\"image\/png\" \/>\n<meta name=\"author\" content=\"Pierre\" \/>\n<meta name=\"twitter:card\" content=\"summary_large_image\" \/>\n<meta name=\"twitter:label1\" content=\"Autor\" \/>\n\t<meta name=\"twitter:data1\" content=\"Pierre\" \/>\n\t<meta name=\"twitter:label2\" content=\"Predpokladan\u00fd \u010das \u010d\u00edtania\" \/>\n\t<meta name=\"twitter:data2\" content=\"2 min\u00faty\" \/>\n<script type=\"application\/ld+json\" class=\"yoast-schema-graph\">{\"@context\":\"https:\/\/schema.org\",\"@graph\":[{\"@type\":\"Article\",\"@id\":\"https:\/\/oneofus.eu\/the-only-fundamental-right-to-defend-is-the-right-to-life-paolo-inselvini\/#article\",\"isPartOf\":{\"@id\":\"https:\/\/oneofus.eu\/the-only-fundamental-right-to-defend-is-the-right-to-life-paolo-inselvini\/\"},\"author\":{\"name\":\"Pierre\",\"@id\":\"https:\/\/oneofus.eu\/#\/schema\/person\/29be181811d790759464b4a012af1309\"},\"headline\":\"\u201cThe only fundamental right to defend is the right to life\u201d, Paolo Inselvini\",\"datePublished\":\"2025-11-05T18:08:05+00:00\",\"dateModified\":\"2025-12-05T08:00:32+00:00\",\"mainEntityOfPage\":{\"@id\":\"https:\/\/oneofus.eu\/the-only-fundamental-right-to-defend-is-the-right-to-life-paolo-inselvini\/\"},\"wordCount\":281,\"publisher\":{\"@id\":\"https:\/\/oneofus.eu\/#organization\"},\"image\":{\"@id\":\"https:\/\/oneofus.eu\/the-only-fundamental-right-to-defend-is-the-right-to-life-paolo-inselvini\/#primaryimage\"},\"thumbnailUrl\":\"https:\/\/oneofus.eu\/wp-content\/uploads\/2025\/11\/Paolo.png\",\"articleSection\":[\"Federation Updates\"],\"inLanguage\":\"sk-SK\"},{\"@type\":\"WebPage\",\"@id\":\"https:\/\/oneofus.eu\/the-only-fundamental-right-to-defend-is-the-right-to-life-paolo-inselvini\/\",\"url\":\"https:\/\/oneofus.eu\/the-only-fundamental-right-to-defend-is-the-right-to-life-paolo-inselvini\/\",\"name\":\"\u201cThe only fundamental right to defend is the right to life\u201d, Paolo Inselvini - One of Us\",\"isPartOf\":{\"@id\":\"https:\/\/oneofus.eu\/#website\"},\"primaryImageOfPage\":{\"@id\":\"https:\/\/oneofus.eu\/the-only-fundamental-right-to-defend-is-the-right-to-life-paolo-inselvini\/#primaryimage\"},\"image\":{\"@id\":\"https:\/\/oneofus.eu\/the-only-fundamental-right-to-defend-is-the-right-to-life-paolo-inselvini\/#primaryimage\"},\"thumbnailUrl\":\"https:\/\/oneofus.eu\/wp-content\/uploads\/2025\/11\/Paolo.png\",\"datePublished\":\"2025-11-05T18:08:05+00:00\",\"dateModified\":\"2025-12-05T08:00:32+00:00\",\"inLanguage\":\"sk-SK\",\"potentialAction\":[{\"@type\":\"ReadAction\",\"target\":[\"https:\/\/oneofus.eu\/the-only-fundamental-right-to-defend-is-the-right-to-life-paolo-inselvini\/\"]}]},{\"@type\":\"ImageObject\",\"inLanguage\":\"sk-SK\",\"@id\":\"https:\/\/oneofus.eu\/the-only-fundamental-right-to-defend-is-the-right-to-life-paolo-inselvini\/#primaryimage\",\"url\":\"https:\/\/oneofus.eu\/wp-content\/uploads\/2025\/11\/Paolo.png\",\"contentUrl\":\"https:\/\/oneofus.eu\/wp-content\/uploads\/2025\/11\/Paolo.png\",\"width\":1253,\"height\":640},{\"@type\":\"WebSite\",\"@id\":\"https:\/\/oneofus.eu\/#website\",\"url\":\"https:\/\/oneofus.eu\/\",\"name\":\"One of Us\",\"description\":\"\",\"publisher\":{\"@id\":\"https:\/\/oneofus.eu\/#organization\"},\"potentialAction\":[{\"@type\":\"SearchAction\",\"target\":{\"@type\":\"EntryPoint\",\"urlTemplate\":\"https:\/\/oneofus.eu\/?s={search_term_string}\"},\"query-input\":{\"@type\":\"PropertyValueSpecification\",\"valueRequired\":true,\"valueName\":\"search_term_string\"}}],\"inLanguage\":\"sk-SK\"},{\"@type\":\"Organization\",\"@id\":\"https:\/\/oneofus.eu\/#organization\",\"name\":\"One of Us\",\"url\":\"https:\/\/oneofus.eu\/\",\"logo\":{\"@type\":\"ImageObject\",\"inLanguage\":\"sk-SK\",\"@id\":\"https:\/\/oneofus.eu\/#\/schema\/logo\/image\/\",\"url\":\"https:\/\/oneofus.eu\/wp-content\/uploads\/2024\/03\/logo-oou-violet-1.png\",\"contentUrl\":\"https:\/\/oneofus.eu\/wp-content\/uploads\/2024\/03\/logo-oou-violet-1.png\",\"width\":700,\"height\":306,\"caption\":\"One of Us\"},\"image\":{\"@id\":\"https:\/\/oneofus.eu\/#\/schema\/logo\/image\/\"}},{\"@type\":\"Person\",\"@id\":\"https:\/\/oneofus.eu\/#\/schema\/person\/29be181811d790759464b4a012af1309\",\"name\":\"Pierre\",\"image\":{\"@type\":\"ImageObject\",\"inLanguage\":\"sk-SK\",\"@id\":\"https:\/\/oneofus.eu\/#\/schema\/person\/image\/\",\"url\":\"https:\/\/secure.gravatar.com\/avatar\/da0ecaa11264bb6f6dbdca297cfcbb5148850dfcd7f93d5700a5643d2fa6b8a4?s=96&d=mm&r=g\",\"contentUrl\":\"https:\/\/secure.gravatar.com\/avatar\/da0ecaa11264bb6f6dbdca297cfcbb5148850dfcd7f93d5700a5643d2fa6b8a4?s=96&d=mm&r=g\",\"caption\":\"Pierre\"},\"url\":\"https:\/\/oneofus.eu\/sk\/author\/balincourt\/\"}]}<\/script>\n<!-- \/ Yoast SEO plugin. -->","yoast_head_json":{"title":"\u201cThe only fundamental right to defend is the right to life\u201d, Paolo Inselvini - One of Us","robots":{"index":"index","follow":"follow","max-snippet":"max-snippet:-1","max-image-preview":"max-image-preview:large","max-video-preview":"max-video-preview:-1"},"canonical":"https:\/\/oneofus.eu\/sk\/the-only-fundamental-right-to-defend-is-the-right-to-life-paolo-inselvini\/","og_locale":"sk_SK","og_type":"article","og_title":"\u201cThe only fundamental right to defend is the right to life\u201d, Paolo Inselvini - One of Us","og_description":"\u00a0Paolo Inselvini (FdI): &#8220;European Parliament vote on abortion misleads women&#8221; \u201cToday I took part in the Committee on Women\u2019s Rights where, amid applause from the Left, a motion on &#8220;My Voice My Choice&#8221; was voted. This initiative effectively aims to impose abortion throughout the European Union, even though the matter is and must remain the [&hellip;]","og_url":"https:\/\/oneofus.eu\/sk\/the-only-fundamental-right-to-defend-is-the-right-to-life-paolo-inselvini\/","og_site_name":"One of Us","article_published_time":"2025-11-05T18:08:05+00:00","article_modified_time":"2025-12-05T08:00:32+00:00","og_image":[{"width":1253,"height":640,"url":"https:\/\/oneofus.eu\/wp-content\/uploads\/2025\/11\/Paolo.png","type":"image\/png"}],"author":"Pierre","twitter_card":"summary_large_image","twitter_misc":{"Autor":"Pierre","Predpokladan\u00fd \u010das \u010d\u00edtania":"2 min\u00faty"},"schema":{"@context":"https:\/\/schema.org","@graph":[{"@type":"Article","@id":"https:\/\/oneofus.eu\/the-only-fundamental-right-to-defend-is-the-right-to-life-paolo-inselvini\/#article","isPartOf":{"@id":"https:\/\/oneofus.eu\/the-only-fundamental-right-to-defend-is-the-right-to-life-paolo-inselvini\/"},"author":{"name":"Pierre","@id":"https:\/\/oneofus.eu\/#\/schema\/person\/29be181811d790759464b4a012af1309"},"headline":"\u201cThe only fundamental right to defend is the right to life\u201d, Paolo Inselvini","datePublished":"2025-11-05T18:08:05+00:00","dateModified":"2025-12-05T08:00:32+00:00","mainEntityOfPage":{"@id":"https:\/\/oneofus.eu\/the-only-fundamental-right-to-defend-is-the-right-to-life-paolo-inselvini\/"},"wordCount":281,"publisher":{"@id":"https:\/\/oneofus.eu\/#organization"},"image":{"@id":"https:\/\/oneofus.eu\/the-only-fundamental-right-to-defend-is-the-right-to-life-paolo-inselvini\/#primaryimage"},"thumbnailUrl":"https:\/\/oneofus.eu\/wp-content\/uploads\/2025\/11\/Paolo.png","articleSection":["Federation Updates"],"inLanguage":"sk-SK"},{"@type":"WebPage","@id":"https:\/\/oneofus.eu\/the-only-fundamental-right-to-defend-is-the-right-to-life-paolo-inselvini\/","url":"https:\/\/oneofus.eu\/the-only-fundamental-right-to-defend-is-the-right-to-life-paolo-inselvini\/","name":"\u201cThe only fundamental right to defend is the right to life\u201d, Paolo Inselvini - One of Us","isPartOf":{"@id":"https:\/\/oneofus.eu\/#website"},"primaryImageOfPage":{"@id":"https:\/\/oneofus.eu\/the-only-fundamental-right-to-defend-is-the-right-to-life-paolo-inselvini\/#primaryimage"},"image":{"@id":"https:\/\/oneofus.eu\/the-only-fundamental-right-to-defend-is-the-right-to-life-paolo-inselvini\/#primaryimage"},"thumbnailUrl":"https:\/\/oneofus.eu\/wp-content\/uploads\/2025\/11\/Paolo.png","datePublished":"2025-11-05T18:08:05+00:00","dateModified":"2025-12-05T08:00:32+00:00","inLanguage":"sk-SK","potentialAction":[{"@type":"ReadAction","target":["https:\/\/oneofus.eu\/the-only-fundamental-right-to-defend-is-the-right-to-life-paolo-inselvini\/"]}]},{"@type":"ImageObject","inLanguage":"sk-SK","@id":"https:\/\/oneofus.eu\/the-only-fundamental-right-to-defend-is-the-right-to-life-paolo-inselvini\/#primaryimage","url":"https:\/\/oneofus.eu\/wp-content\/uploads\/2025\/11\/Paolo.png","contentUrl":"https:\/\/oneofus.eu\/wp-content\/uploads\/2025\/11\/Paolo.png","width":1253,"height":640},{"@type":"WebSite","@id":"https:\/\/oneofus.eu\/#website","url":"https:\/\/oneofus.eu\/","name":"One of Us","description":"","publisher":{"@id":"https:\/\/oneofus.eu\/#organization"},"potentialAction":[{"@type":"SearchAction","target":{"@type":"EntryPoint","urlTemplate":"https:\/\/oneofus.eu\/?s={search_term_string}"},"query-input":{"@type":"PropertyValueSpecification","valueRequired":true,"valueName":"search_term_string"}}],"inLanguage":"sk-SK"},{"@type":"Organization","@id":"https:\/\/oneofus.eu\/#organization","name":"One of Us","url":"https:\/\/oneofus.eu\/","logo":{"@type":"ImageObject","inLanguage":"sk-SK","@id":"https:\/\/oneofus.eu\/#\/schema\/logo\/image\/","url":"https:\/\/oneofus.eu\/wp-content\/uploads\/2024\/03\/logo-oou-violet-1.png","contentUrl":"https:\/\/oneofus.eu\/wp-content\/uploads\/2024\/03\/logo-oou-violet-1.png","width":700,"height":306,"caption":"One of Us"},"image":{"@id":"https:\/\/oneofus.eu\/#\/schema\/logo\/image\/"}},{"@type":"Person","@id":"https:\/\/oneofus.eu\/#\/schema\/person\/29be181811d790759464b4a012af1309","name":"Pierre","image":{"@type":"ImageObject","inLanguage":"sk-SK","@id":"https:\/\/oneofus.eu\/#\/schema\/person\/image\/","url":"https:\/\/secure.gravatar.com\/avatar\/da0ecaa11264bb6f6dbdca297cfcbb5148850dfcd7f93d5700a5643d2fa6b8a4?s=96&d=mm&r=g","contentUrl":"https:\/\/secure.gravatar.com\/avatar\/da0ecaa11264bb6f6dbdca297cfcbb5148850dfcd7f93d5700a5643d2fa6b8a4?s=96&d=mm&r=g","caption":"Pierre"},"url":"https:\/\/oneofus.eu\/sk\/author\/balincourt\/"}]}},"_links":{"self":[{"href":"https:\/\/oneofus.eu\/sk\/wp-json\/wp\/v2\/posts\/5785","targetHints":{"allow":["GET"]}}],"collection":[{"href":"https:\/\/oneofus.eu\/sk\/wp-json\/wp\/v2\/posts"}],"about":[{"href":"https:\/\/oneofus.eu\/sk\/wp-json\/wp\/v2\/types\/post"}],"author":[{"embeddable":true,"href":"https:\/\/oneofus.eu\/sk\/wp-json\/wp\/v2\/users\/12"}],"replies":[{"embeddable":true,"href":"https:\/\/oneofus.eu\/sk\/wp-json\/wp\/v2\/comments?post=5785"}],"version-history":[{"count":6,"href":"https:\/\/oneofus.eu\/sk\/wp-json\/wp\/v2\/posts\/5785\/revisions"}],"predecessor-version":[{"id":5797,"href":"https:\/\/oneofus.eu\/sk\/wp-json\/wp\/v2\/posts\/5785\/revisions\/5797"}],"wp:featuredmedia":[{"embeddable":true,"href":"https:\/\/oneofus.eu\/sk\/wp-json\/wp\/v2\/media\/5798"}],"wp:attachment":[{"href":"https:\/\/oneofus.eu\/sk\/wp-json\/wp\/v2\/media?parent=5785"}],"wp:term":[{"taxonomy":"category","embeddable":true,"href":"https:\/\/oneofus.eu\/sk\/wp-json\/wp\/v2\/categories?post=5785"},{"taxonomy":"post_tag","embeddable":true,"href":"https:\/\/oneofus.eu\/sk\/wp-json\/wp\/v2\/tags?post=5785"},{"taxonomy":"article-mis-en-avant","embeddable":true,"href":"https:\/\/oneofus.eu\/sk\/wp-json\/wp\/v2\/article-mis-en-avant?post=5785"}],"curies":[{"name":"wp","href":"https:\/\/api.w.org\/{rel}","templated":true}]}}