{"id":4285,"date":"2024-11-15T16:15:09","date_gmt":"2024-11-15T16:15:09","guid":{"rendered":"https:\/\/oneofus.eu\/?p=4285"},"modified":"2025-10-13T13:40:18","modified_gmt":"2025-10-13T13:40:18","slug":"human-dignity-at-the-heart-of-slovak-parliament","status":"publish","type":"post","link":"https:\/\/oneofus.eu\/es\/human-dignity-at-the-heart-of-slovak-parliament\/","title":{"rendered":"La dignidad humana en el coraz\u00f3n del Parlamento eslovaco"},"content":{"rendered":"<h2 class=\"wp-block-heading\">Una resoluci\u00f3n cuestiona la extralimitaci\u00f3n de la UE en cuestiones \u00e9ticas<\/h2>\n\n\n\n<p>En una importante resoluci\u00f3n que defiende la soberan\u00eda nacional y la dignidad humana, el Consejo Nacional Eslovaco (Parlamento eslovaco) ha aprobado recientemente una resoluci\u00f3n que critica los esfuerzos del Parlamento Europeo por incluir el derecho al aborto en la Carta de los Derechos Fundamentales de la Uni\u00f3n Europea. Esta resoluci\u00f3n subraya un conflicto m\u00e1s amplio entre la Uni\u00f3n Europea y la autonom\u00eda nacional, sobre todo en cuestiones \u00e9ticas delicadas como el aborto, en las que la UE busca un poder expansivo mientras que los tratados nacionales y el principio de subsidiariedad protegen la autonom\u00eda.<\/p>\n\n\n\n<p><strong>Contexto<\/strong><\/p>\n\n\n\n<p>El 11 de abril de 2024, el Parlamento Europeo adopt\u00f3 una resoluci\u00f3n que aboga por la inclusi\u00f3n del derecho al aborto en la Carta de los Derechos Fundamentales de la UE. Esta resoluci\u00f3n pretende normalizar el acceso al aborto en todos los Estados miembros de la UE, enmarc\u00e1ndolo como un derecho humano fundamental. Sin embargo, estas medidas invaden la pol\u00edtica sanitaria, competencia de los Estados miembros en virtud del principio de subsidiariedad consagrado en los tratados de la UE. Esta resoluci\u00f3n del Parlamento Europeo es una de las muchas que utiliza la UE para presionar cada vez m\u00e1s a los Estados miembros en asuntos en los que la UE no tiene competencias.<\/p>\n\n\n\n<p>La respuesta de Eslovaquia es emblem\u00e1tica del sentimiento de muchas naciones de la UE sobre la preservaci\u00f3n de la autonom\u00eda cultural, \u00e9tica y jur\u00eddica. La resoluci\u00f3n del Parlamento eslovaco del 5 de octubre hace referencia expl\u00edcita a su Declaraci\u00f3n de 2002 sobre la soberan\u00eda en asuntos culturales y \u00e9ticos, subrayando que estos \u00e1mbitos deben permanecer bajo jurisdicci\u00f3n nacional.<\/p>\n\n\n\n<p><strong>Disposiciones clave de la Resoluci\u00f3n eslovaca<\/strong><\/p>\n\n\n\n<p>La resoluci\u00f3n aprobada por el Consejo Nacional Eslovaco:<\/p>\n\n\n\n<ol class=\"wp-block-list\">\n<li><strong>Reafirma la soberan\u00eda<\/strong>: Recuerda la Declaraci\u00f3n de 2002, que hace hincapi\u00e9 en el control nacional de las cuestiones culturales y \u00e9ticas.<\/li>\n\n\n\n<li><strong>Expresa su preocupaci\u00f3n<\/strong>: Destaca los repetidos intentos del Parlamento Europeo de anular los derechos de los Estados miembros, utilizando como caso de estudio la resoluci\u00f3n sobre el aborto de abril de 2024.<\/li>\n\n\n\n<li><strong>Rechaza las interferencias<\/strong>: Rechaza de plano las maniobras del Parlamento Europeo para influir en las pol\u00edticas sanitarias nacionales.<\/li>\n\n\n\n<li><strong>Llamamientos a la acci\u00f3n<\/strong>: Solicita la comunicaci\u00f3n formal de esta resoluci\u00f3n al Primer Ministro eslovaco, se\u00f1alando la alineaci\u00f3n del gobierno con la postura del parlamento.<\/li>\n<\/ol>\n\n\n\n<p><strong>Por qu\u00e9 es importante<\/strong><\/p>\n\n\n\n<p>La resoluci\u00f3n eslovaca plantea cuestiones cr\u00edticas sobre el equilibrio de poder en la Uni\u00f3n Europea, especialmente en lo que respecta a la autonom\u00eda cultural y \u00e9tica, los precedentes jur\u00eddicos y los principios democr\u00e1ticos. Cuestiones \u00e9ticas como el aborto est\u00e1n profundamente arraigadas en la historia, las tradiciones y las creencias religiosas nacionales, por lo que la imposici\u00f3n de una pol\u00edtica \u00fanica para todos los casos supone un importante desaf\u00edo a la diversidad cultural de la UE. Adem\u00e1s, la pol\u00edtica sanitaria est\u00e1 expl\u00edcitamente reconocida como competencia nacional en el marco de la UE, y los intentos de centralizar el control en este \u00e1mbito podr\u00edan sentar precedentes preocupantes para otros \u00e1mbitos pol\u00edticos. Por \u00faltimo, los parlamentos nacionales, al ser elegidos directamente para representar la voluntad de sus pueblos, son esenciales para el tejido democr\u00e1tico de la UE. Si se anulan sus decisiones, se corre el riesgo de alienar a los ciudadanos y socavar la confianza en el proyecto europeo.<\/p>\n\n\n\n<p><strong>Uno de nosotros apoya la democracia y la dignidad humana<\/strong><\/p>\n\n\n\n<p>La Federaci\u00f3n One of Us aplaude al Consejo Nacional Eslovaco por su decidida defensa de la democracia, los Tratados europeos y la dignidad humana a trav\u00e9s de su reciente resoluci\u00f3n. Esta acci\u00f3n refleja el compromiso inquebrantable de One of Us con los principios de subsidiariedad y el valor intr\u00ednseco de toda vida humana. Al oponerse a la presi\u00f3n del Parlamento Europeo para incluir el aborto como \"derecho fundamental\" en la Carta de los Derechos Fundamentales de la UE, el Parlamento eslovaco ha defendido el derecho de los Estados miembros a legislar sobre cuestiones \u00e9ticas delicadas de acuerdo con sus propios marcos culturales y morales. Esta postura no s\u00f3lo respeta la diversidad de valores dentro de Europa, sino que tambi\u00e9n salvaguarda los procesos democr\u00e1ticos al garantizar que las decisiones reflejan la voluntad del pueblo.<\/p>\n\n\n\n<p><strong>Lev\u00e1ntate con uno de nosotros<\/strong><\/p>\n\n\n\n<p>Este momento sirve de recordatorio vital de la necesidad de vigilancia para proteger los principios democr\u00e1ticos y la dignidad inherente a todos los seres humanos. La Federaci\u00f3n One of Us se mantiene firme en la defensa de pol\u00edticas que honren la vida y capaciten a las naciones para preservar su soberan\u00eda cultural y \u00e9tica. Al apoyar esta resoluci\u00f3n, Eslovaquia ha demostrado un liderazgo encomiable en la defensa de estos valores, un liderazgo que deber\u00eda inspirar a otros pa\u00edses europeos. Invitamos a los ciudadanos que comparten nuestro compromiso con la dignidad humana y la democracia a unirse a la Federaci\u00f3n One of Us. Juntos, podemos construir una Europa que respete la diversidad de sus naciones, al tiempo que se mantiene firme en su dedicaci\u00f3n a los principios democr\u00e1ticos y a la protecci\u00f3n de todas las vidas humanas. \u00danete a One of Us <a href=\"https:\/\/oneofus.eu\/es\/appeal\/\">aqu\u00ed<\/a> y formar parte de esta misi\u00f3n vital de defensa de la Dignidad Humana y la soberan\u00eda nacional.<\/p>","protected":false},"excerpt":{"rendered":"<p>La reciente resoluci\u00f3n del Consejo Nacional Eslovaco contra la presi\u00f3n del Parlamento Europeo para incluir el derecho al aborto en la Carta de la UE pone de relieve la importancia de proteger la soberan\u00eda nacional y la dignidad humana. La Federaci\u00f3n One of Us apoya esta postura a favor de los principios democr\u00e1ticos y la autonom\u00eda cultural, e insta a los ciudadanos a unirse al movimiento por una Europa que respete la vida y los diversos valores de sus naciones. Descubre c\u00f3mo puedes marcar la diferencia en www.oneofus.eu.<\/p>","protected":false},"author":8,"featured_media":4286,"comment_status":"closed","ping_status":"closed","sticky":false,"template":"","format":"standard","meta":{"_acf_changed":false,"inline_featured_image":false,"footnotes":""},"categories":[83],"tags":[],"article-mis-en-avant":[24],"class_list":["post-4285","post","type-post","status-publish","format-standard","has-post-thumbnail","hentry","category-member-states-reports","article-mis-en-avant-not-pinned"],"acf":[],"yoast_head":"<!-- This site is optimized with the Yoast SEO plugin v25.3 - https:\/\/yoast.com\/wordpress\/plugins\/seo\/ -->\n<title>Human Dignity at the Heart of Slovak Parliament - One of Us<\/title>\n<meta name=\"robots\" content=\"index, follow, max-snippet:-1, max-image-preview:large, max-video-preview:-1\" \/>\n<link rel=\"canonical\" href=\"https:\/\/oneofus.eu\/es\/human-dignity-at-the-heart-of-slovak-parliament\/\" \/>\n<meta property=\"og:locale\" content=\"es_ES\" \/>\n<meta property=\"og:type\" content=\"article\" \/>\n<meta property=\"og:title\" content=\"Human Dignity at the Heart of Slovak Parliament - One of Us\" \/>\n<meta property=\"og:description\" content=\"The Slovak National Council&#039;s recent resolution opposing the European Parliament\u2019s push to include abortion rights in the EU Charter highlights the importance of protecting national sovereignty and human dignity. The One of Us Federation supports this stand for democratic principles and cultural autonomy, urging citizens to join the movement for a Europe that respects life and the diverse values of its nations. Discover how you can make a difference at www.oneofus.eu.\" \/>\n<meta property=\"og:url\" content=\"https:\/\/oneofus.eu\/es\/human-dignity-at-the-heart-of-slovak-parliament\/\" \/>\n<meta property=\"og:site_name\" content=\"One of Us\" \/>\n<meta property=\"article:published_time\" content=\"2024-11-15T16:15:09+00:00\" \/>\n<meta property=\"article:modified_time\" content=\"2025-10-13T13:40:18+00:00\" \/>\n<meta property=\"og:image\" content=\"https:\/\/oneofus.eu\/wp-content\/uploads\/2024\/11\/DALL\u00b7E-2024-11-15-17.13.06-An-inspiring-digital-illustration-symbolizing-Slovakias-strength-and-sovereignty-without-any-military-elements.-The-artwork-features-the-Slovak-flag-.webp\" \/>\n\t<meta property=\"og:image:width\" content=\"1024\" \/>\n\t<meta property=\"og:image:height\" content=\"1024\" \/>\n\t<meta property=\"og:image:type\" content=\"image\/webp\" \/>\n<meta name=\"author\" content=\"Antoine Mellado\" \/>\n<meta name=\"twitter:card\" content=\"summary_large_image\" \/>\n<meta name=\"twitter:label1\" content=\"Escrito por\" \/>\n\t<meta name=\"twitter:data1\" content=\"Antoine Mellado\" \/>\n\t<meta name=\"twitter:label2\" content=\"Tiempo de lectura\" \/>\n\t<meta name=\"twitter:data2\" content=\"4 minutos\" \/>\n<script type=\"application\/ld+json\" class=\"yoast-schema-graph\">{\"@context\":\"https:\/\/schema.org\",\"@graph\":[{\"@type\":\"Article\",\"@id\":\"https:\/\/oneofus.eu\/human-dignity-at-the-heart-of-slovak-parliament\/#article\",\"isPartOf\":{\"@id\":\"https:\/\/oneofus.eu\/human-dignity-at-the-heart-of-slovak-parliament\/\"},\"author\":{\"name\":\"Antoine Mellado\",\"@id\":\"https:\/\/oneofus.eu\/#\/schema\/person\/e2bf421c7d6cff1921b491a98293022d\"},\"headline\":\"Human Dignity at the Heart of Slovak Parliament\",\"datePublished\":\"2024-11-15T16:15:09+00:00\",\"dateModified\":\"2025-10-13T13:40:18+00:00\",\"mainEntityOfPage\":{\"@id\":\"https:\/\/oneofus.eu\/human-dignity-at-the-heart-of-slovak-parliament\/\"},\"wordCount\":720,\"publisher\":{\"@id\":\"https:\/\/oneofus.eu\/#organization\"},\"image\":{\"@id\":\"https:\/\/oneofus.eu\/human-dignity-at-the-heart-of-slovak-parliament\/#primaryimage\"},\"thumbnailUrl\":\"https:\/\/oneofus.eu\/wp-content\/uploads\/2024\/11\/DALL\u00b7E-2024-11-15-17.13.06-An-inspiring-digital-illustration-symbolizing-Slovakias-strength-and-sovereignty-without-any-military-elements.-The-artwork-features-the-Slovak-flag-.webp\",\"articleSection\":[\"Member States Reports\"],\"inLanguage\":\"es\"},{\"@type\":\"WebPage\",\"@id\":\"https:\/\/oneofus.eu\/human-dignity-at-the-heart-of-slovak-parliament\/\",\"url\":\"https:\/\/oneofus.eu\/human-dignity-at-the-heart-of-slovak-parliament\/\",\"name\":\"Human Dignity at the Heart of Slovak Parliament - One of Us\",\"isPartOf\":{\"@id\":\"https:\/\/oneofus.eu\/#website\"},\"primaryImageOfPage\":{\"@id\":\"https:\/\/oneofus.eu\/human-dignity-at-the-heart-of-slovak-parliament\/#primaryimage\"},\"image\":{\"@id\":\"https:\/\/oneofus.eu\/human-dignity-at-the-heart-of-slovak-parliament\/#primaryimage\"},\"thumbnailUrl\":\"https:\/\/oneofus.eu\/wp-content\/uploads\/2024\/11\/DALL\u00b7E-2024-11-15-17.13.06-An-inspiring-digital-illustration-symbolizing-Slovakias-strength-and-sovereignty-without-any-military-elements.-The-artwork-features-the-Slovak-flag-.webp\",\"datePublished\":\"2024-11-15T16:15:09+00:00\",\"dateModified\":\"2025-10-13T13:40:18+00:00\",\"inLanguage\":\"es\",\"potentialAction\":[{\"@type\":\"ReadAction\",\"target\":[\"https:\/\/oneofus.eu\/human-dignity-at-the-heart-of-slovak-parliament\/\"]}]},{\"@type\":\"ImageObject\",\"inLanguage\":\"es\",\"@id\":\"https:\/\/oneofus.eu\/human-dignity-at-the-heart-of-slovak-parliament\/#primaryimage\",\"url\":\"https:\/\/oneofus.eu\/wp-content\/uploads\/2024\/11\/DALL\u00b7E-2024-11-15-17.13.06-An-inspiring-digital-illustration-symbolizing-Slovakias-strength-and-sovereignty-without-any-military-elements.-The-artwork-features-the-Slovak-flag-.webp\",\"contentUrl\":\"https:\/\/oneofus.eu\/wp-content\/uploads\/2024\/11\/DALL\u00b7E-2024-11-15-17.13.06-An-inspiring-digital-illustration-symbolizing-Slovakias-strength-and-sovereignty-without-any-military-elements.-The-artwork-features-the-Slovak-flag-.webp\",\"width\":1024,\"height\":1024},{\"@type\":\"WebSite\",\"@id\":\"https:\/\/oneofus.eu\/#website\",\"url\":\"https:\/\/oneofus.eu\/\",\"name\":\"One of Us\",\"description\":\"\",\"publisher\":{\"@id\":\"https:\/\/oneofus.eu\/#organization\"},\"potentialAction\":[{\"@type\":\"SearchAction\",\"target\":{\"@type\":\"EntryPoint\",\"urlTemplate\":\"https:\/\/oneofus.eu\/?s={search_term_string}\"},\"query-input\":{\"@type\":\"PropertyValueSpecification\",\"valueRequired\":true,\"valueName\":\"search_term_string\"}}],\"inLanguage\":\"es\"},{\"@type\":\"Organization\",\"@id\":\"https:\/\/oneofus.eu\/#organization\",\"name\":\"One of Us\",\"url\":\"https:\/\/oneofus.eu\/\",\"logo\":{\"@type\":\"ImageObject\",\"inLanguage\":\"es\",\"@id\":\"https:\/\/oneofus.eu\/#\/schema\/logo\/image\/\",\"url\":\"https:\/\/oneofus.eu\/wp-content\/uploads\/2024\/03\/logo-oou-violet-1.png\",\"contentUrl\":\"https:\/\/oneofus.eu\/wp-content\/uploads\/2024\/03\/logo-oou-violet-1.png\",\"width\":700,\"height\":306,\"caption\":\"One of Us\"},\"image\":{\"@id\":\"https:\/\/oneofus.eu\/#\/schema\/logo\/image\/\"}},{\"@type\":\"Person\",\"@id\":\"https:\/\/oneofus.eu\/#\/schema\/person\/e2bf421c7d6cff1921b491a98293022d\",\"name\":\"Antoine Mellado\",\"image\":{\"@type\":\"ImageObject\",\"inLanguage\":\"es\",\"@id\":\"https:\/\/oneofus.eu\/#\/schema\/person\/image\/\",\"url\":\"https:\/\/secure.gravatar.com\/avatar\/9dd34134a5733e98b9c370fcfea8012928b4d16a46c39d7a7c1403c8c40efe30?s=96&d=mm&r=g\",\"contentUrl\":\"https:\/\/secure.gravatar.com\/avatar\/9dd34134a5733e98b9c370fcfea8012928b4d16a46c39d7a7c1403c8c40efe30?s=96&d=mm&r=g\",\"caption\":\"Antoine Mellado\"},\"url\":\"https:\/\/oneofus.eu\/es\/author\/antoinemelladooneofus-eu\/\"}]}<\/script>\n<!-- \/ Yoast SEO plugin. -->","yoast_head_json":{"title":"Human Dignity at the Heart of Slovak Parliament - One of Us","robots":{"index":"index","follow":"follow","max-snippet":"max-snippet:-1","max-image-preview":"max-image-preview:large","max-video-preview":"max-video-preview:-1"},"canonical":"https:\/\/oneofus.eu\/es\/human-dignity-at-the-heart-of-slovak-parliament\/","og_locale":"es_ES","og_type":"article","og_title":"Human Dignity at the Heart of Slovak Parliament - One of Us","og_description":"The Slovak National Council's recent resolution opposing the European Parliament\u2019s push to include abortion rights in the EU Charter highlights the importance of protecting national sovereignty and human dignity. The One of Us Federation supports this stand for democratic principles and cultural autonomy, urging citizens to join the movement for a Europe that respects life and the diverse values of its nations. Discover how you can make a difference at www.oneofus.eu.","og_url":"https:\/\/oneofus.eu\/es\/human-dignity-at-the-heart-of-slovak-parliament\/","og_site_name":"One of Us","article_published_time":"2024-11-15T16:15:09+00:00","article_modified_time":"2025-10-13T13:40:18+00:00","og_image":[{"width":1024,"height":1024,"url":"https:\/\/oneofus.eu\/wp-content\/uploads\/2024\/11\/DALL\u00b7E-2024-11-15-17.13.06-An-inspiring-digital-illustration-symbolizing-Slovakias-strength-and-sovereignty-without-any-military-elements.-The-artwork-features-the-Slovak-flag-.webp","type":"image\/webp"}],"author":"Antoine Mellado","twitter_card":"summary_large_image","twitter_misc":{"Escrito por":"Antoine Mellado","Tiempo de lectura":"4 minutos"},"schema":{"@context":"https:\/\/schema.org","@graph":[{"@type":"Article","@id":"https:\/\/oneofus.eu\/human-dignity-at-the-heart-of-slovak-parliament\/#article","isPartOf":{"@id":"https:\/\/oneofus.eu\/human-dignity-at-the-heart-of-slovak-parliament\/"},"author":{"name":"Antoine Mellado","@id":"https:\/\/oneofus.eu\/#\/schema\/person\/e2bf421c7d6cff1921b491a98293022d"},"headline":"Human Dignity at the Heart of Slovak Parliament","datePublished":"2024-11-15T16:15:09+00:00","dateModified":"2025-10-13T13:40:18+00:00","mainEntityOfPage":{"@id":"https:\/\/oneofus.eu\/human-dignity-at-the-heart-of-slovak-parliament\/"},"wordCount":720,"publisher":{"@id":"https:\/\/oneofus.eu\/#organization"},"image":{"@id":"https:\/\/oneofus.eu\/human-dignity-at-the-heart-of-slovak-parliament\/#primaryimage"},"thumbnailUrl":"https:\/\/oneofus.eu\/wp-content\/uploads\/2024\/11\/DALL\u00b7E-2024-11-15-17.13.06-An-inspiring-digital-illustration-symbolizing-Slovakias-strength-and-sovereignty-without-any-military-elements.-The-artwork-features-the-Slovak-flag-.webp","articleSection":["Member States Reports"],"inLanguage":"es"},{"@type":"WebPage","@id":"https:\/\/oneofus.eu\/human-dignity-at-the-heart-of-slovak-parliament\/","url":"https:\/\/oneofus.eu\/human-dignity-at-the-heart-of-slovak-parliament\/","name":"Human Dignity at the Heart of Slovak Parliament - One of Us","isPartOf":{"@id":"https:\/\/oneofus.eu\/#website"},"primaryImageOfPage":{"@id":"https:\/\/oneofus.eu\/human-dignity-at-the-heart-of-slovak-parliament\/#primaryimage"},"image":{"@id":"https:\/\/oneofus.eu\/human-dignity-at-the-heart-of-slovak-parliament\/#primaryimage"},"thumbnailUrl":"https:\/\/oneofus.eu\/wp-content\/uploads\/2024\/11\/DALL\u00b7E-2024-11-15-17.13.06-An-inspiring-digital-illustration-symbolizing-Slovakias-strength-and-sovereignty-without-any-military-elements.-The-artwork-features-the-Slovak-flag-.webp","datePublished":"2024-11-15T16:15:09+00:00","dateModified":"2025-10-13T13:40:18+00:00","inLanguage":"es","potentialAction":[{"@type":"ReadAction","target":["https:\/\/oneofus.eu\/human-dignity-at-the-heart-of-slovak-parliament\/"]}]},{"@type":"ImageObject","inLanguage":"es","@id":"https:\/\/oneofus.eu\/human-dignity-at-the-heart-of-slovak-parliament\/#primaryimage","url":"https:\/\/oneofus.eu\/wp-content\/uploads\/2024\/11\/DALL\u00b7E-2024-11-15-17.13.06-An-inspiring-digital-illustration-symbolizing-Slovakias-strength-and-sovereignty-without-any-military-elements.-The-artwork-features-the-Slovak-flag-.webp","contentUrl":"https:\/\/oneofus.eu\/wp-content\/uploads\/2024\/11\/DALL\u00b7E-2024-11-15-17.13.06-An-inspiring-digital-illustration-symbolizing-Slovakias-strength-and-sovereignty-without-any-military-elements.-The-artwork-features-the-Slovak-flag-.webp","width":1024,"height":1024},{"@type":"WebSite","@id":"https:\/\/oneofus.eu\/#website","url":"https:\/\/oneofus.eu\/","name":"One of Us","description":"","publisher":{"@id":"https:\/\/oneofus.eu\/#organization"},"potentialAction":[{"@type":"SearchAction","target":{"@type":"EntryPoint","urlTemplate":"https:\/\/oneofus.eu\/?s={search_term_string}"},"query-input":{"@type":"PropertyValueSpecification","valueRequired":true,"valueName":"search_term_string"}}],"inLanguage":"es"},{"@type":"Organization","@id":"https:\/\/oneofus.eu\/#organization","name":"One of Us","url":"https:\/\/oneofus.eu\/","logo":{"@type":"ImageObject","inLanguage":"es","@id":"https:\/\/oneofus.eu\/#\/schema\/logo\/image\/","url":"https:\/\/oneofus.eu\/wp-content\/uploads\/2024\/03\/logo-oou-violet-1.png","contentUrl":"https:\/\/oneofus.eu\/wp-content\/uploads\/2024\/03\/logo-oou-violet-1.png","width":700,"height":306,"caption":"One of Us"},"image":{"@id":"https:\/\/oneofus.eu\/#\/schema\/logo\/image\/"}},{"@type":"Person","@id":"https:\/\/oneofus.eu\/#\/schema\/person\/e2bf421c7d6cff1921b491a98293022d","name":"Antoine Mellado","image":{"@type":"ImageObject","inLanguage":"es","@id":"https:\/\/oneofus.eu\/#\/schema\/person\/image\/","url":"https:\/\/secure.gravatar.com\/avatar\/9dd34134a5733e98b9c370fcfea8012928b4d16a46c39d7a7c1403c8c40efe30?s=96&d=mm&r=g","contentUrl":"https:\/\/secure.gravatar.com\/avatar\/9dd34134a5733e98b9c370fcfea8012928b4d16a46c39d7a7c1403c8c40efe30?s=96&d=mm&r=g","caption":"Antoine Mellado"},"url":"https:\/\/oneofus.eu\/es\/author\/antoinemelladooneofus-eu\/"}]}},"_links":{"self":[{"href":"https:\/\/oneofus.eu\/es\/wp-json\/wp\/v2\/posts\/4285","targetHints":{"allow":["GET"]}}],"collection":[{"href":"https:\/\/oneofus.eu\/es\/wp-json\/wp\/v2\/posts"}],"about":[{"href":"https:\/\/oneofus.eu\/es\/wp-json\/wp\/v2\/types\/post"}],"author":[{"embeddable":true,"href":"https:\/\/oneofus.eu\/es\/wp-json\/wp\/v2\/users\/8"}],"replies":[{"embeddable":true,"href":"https:\/\/oneofus.eu\/es\/wp-json\/wp\/v2\/comments?post=4285"}],"version-history":[{"count":1,"href":"https:\/\/oneofus.eu\/es\/wp-json\/wp\/v2\/posts\/4285\/revisions"}],"predecessor-version":[{"id":4287,"href":"https:\/\/oneofus.eu\/es\/wp-json\/wp\/v2\/posts\/4285\/revisions\/4287"}],"wp:featuredmedia":[{"embeddable":true,"href":"https:\/\/oneofus.eu\/es\/wp-json\/wp\/v2\/media\/4286"}],"wp:attachment":[{"href":"https:\/\/oneofus.eu\/es\/wp-json\/wp\/v2\/media?parent=4285"}],"wp:term":[{"taxonomy":"category","embeddable":true,"href":"https:\/\/oneofus.eu\/es\/wp-json\/wp\/v2\/categories?post=4285"},{"taxonomy":"post_tag","embeddable":true,"href":"https:\/\/oneofus.eu\/es\/wp-json\/wp\/v2\/tags?post=4285"},{"taxonomy":"article-mis-en-avant","embeddable":true,"href":"https:\/\/oneofus.eu\/es\/wp-json\/wp\/v2\/article-mis-en-avant?post=4285"}],"curies":[{"name":"wp","href":"https:\/\/api.w.org\/{rel}","templated":true}]}}